{"id":2686,"date":"2012-12-26T18:03:57","date_gmt":"2012-12-26T17:03:57","guid":{"rendered":"https:\/\/www.cristinaluciovillegas.es\/a-pianist-to-absolutely-keep-in-mind\/"},"modified":"2012-12-26T18:03:57","modified_gmt":"2012-12-26T17:03:57","slug":"a-pianist-to-absolutely-keep-in-mind","status":"publish","type":"post","link":"https:\/\/www.cristinaluciovillegas.es\/en\/a-pianist-to-absolutely-keep-in-mind\/","title":{"rendered":"&#8220;A pianist to absolutely keep in mind&#8221;"},"content":{"rendered":"<p>Concert at Young Performers Season. Manuel Garc\u00eda Hall. Maestranza Theater.<br \/>\nSeville, December 18th 2012<\/p>\n<p>[Mundo Cl\u00e1sico, 26-12-2012] Una pianista a tener muy en cuenta (&#8220;A pianist to absolutely keep in mind&#8221;)<\/p>\n<p>\u201c(&#8230;) We heard her play in a mature, masterful and versatile way. (&#8230;) She showed her wonderful technical qualities and her evident own musical personality (&#8230;)<\/p>\n<p>\u201cWhat can I say about the artist? She overwhelmed us with all her sensitivity, strenght, depth and greatness&#8221; Jos\u00e9 Luis L\u00f3pez L\u00f3pez<\/p>\n<p><a href=\"https:\/\/www.cristinaluciovillegas.es\/wp-content\/uploads\/2018\/09\/2012-12-18-MC-__-Una-pianista-a-tener-muy-en-cuenta.pdf\" target=\"_blank\" rel=\"noopener\">Read (pdf in Spanish)<\/a><\/p>\n","protected":false},"excerpt":{"rendered":"<p>Concert at Young Performers Season. Manuel Garc\u00eda Hall. Maestranza Theater. Seville, December 18th 2012 [Mundo Cl\u00e1sico, 26-12-2012] Una pianista a tener muy en cuenta (&#8220;A pianist to absolutely keep in mind&#8221;) \u201c(&#8230;) We heard her play in a mature, masterful and versatile way. (&#8230;) She showed her wonderful technical qualities and her evident own musical [&hellip;]<\/p>\n","protected":false},"author":1,"featured_media":0,"comment_status":"open","ping_status":"open","sticky":false,"template":"","format":"standard","meta":{"_acf_changed":false,"footnotes":""},"categories":[21],"tags":[],"class_list":["post-2686","post","type-post","status-publish","format-standard","hentry","category-press-news"],"acf":[],"_links":{"self":[{"href":"https:\/\/www.cristinaluciovillegas.es\/en\/wp-json\/wp\/v2\/posts\/2686","targetHints":{"allow":["GET"]}}],"collection":[{"href":"https:\/\/www.cristinaluciovillegas.es\/en\/wp-json\/wp\/v2\/posts"}],"about":[{"href":"https:\/\/www.cristinaluciovillegas.es\/en\/wp-json\/wp\/v2\/types\/post"}],"author":[{"embeddable":true,"href":"https:\/\/www.cristinaluciovillegas.es\/en\/wp-json\/wp\/v2\/users\/1"}],"replies":[{"embeddable":true,"href":"https:\/\/www.cristinaluciovillegas.es\/en\/wp-json\/wp\/v2\/comments?post=2686"}],"version-history":[{"count":0,"href":"https:\/\/www.cristinaluciovillegas.es\/en\/wp-json\/wp\/v2\/posts\/2686\/revisions"}],"wp:attachment":[{"href":"https:\/\/www.cristinaluciovillegas.es\/en\/wp-json\/wp\/v2\/media?parent=2686"}],"wp:term":[{"taxonomy":"category","embeddable":true,"href":"https:\/\/www.cristinaluciovillegas.es\/en\/wp-json\/wp\/v2\/categories?post=2686"},{"taxonomy":"post_tag","embeddable":true,"href":"https:\/\/www.cristinaluciovillegas.es\/en\/wp-json\/wp\/v2\/tags?post=2686"}],"curies":[{"name":"wp","href":"https:\/\/api.w.org\/{rel}","templated":true}]}}